{"id":831,"date":"2025-06-15T08:38:35","date_gmt":"2025-06-15T07:38:35","guid":{"rendered":"https:\/\/salome-online.com\/capsules\/ia-a-lecole-promesses-limites-et-vigilance-elsa-tom-decryptent-le-nouveau-cadre\/"},"modified":"2025-06-15T08:38:35","modified_gmt":"2025-06-15T07:38:35","slug":"ia-a-lecole-promesses-limites-et-vigilance-elsa-tom-decryptent-le-nouveau-cadre","status":"publish","type":"post","link":"https:\/\/salome-online.com\/capsules\/ia-a-lecole-promesses-limites-et-vigilance-elsa-tom-decryptent-le-nouveau-cadre\/","title":{"rendered":"IA \u00e0 l\u2019\u00e9cole : Promesses, limites et vigilance \u2013 Elsa &amp; Tom d\u00e9cryptent le nouveau cadre"},"content":{"rendered":"<p><iframe loading=\"lazy\" src=\"https:\/\/podcasters.spotify.com\/pod\/show\/prof-etc\/embed\/episodes\/IA--lcole--Promesses--limites-et-vigilance--Elsa--Tom-dcryptent-le-nouveau-cadre-e348u9k\" height=\"180px\" width=\"100%\" frameborder=\"0\" scrolling=\"no\" style=\"width:100%;height:180px\"><\/iframe><\/p>\n<p>Dans ce nouvel \u00e9pisode de ProfEtc, Elsa et Tom engagent une discussion vivante autour du cadre d\u2019usage de l\u2019intelligence artificielle en \u00e9ducation, r\u00e9cemment publi\u00e9 apr\u00e8s une large consultation nationale. \u00c0 partir du document de r\u00e9f\u00e9rence de juin 2025, ils explorent les enjeux, les opportunit\u00e9s et les limites de l\u2019IA \u00e0 l\u2019\u00e9cole : de la protection des donn\u00e9es \u00e0 la transparence, en passant par l\u2019impact environnemental et  la n\u00e9cessit\u00e9 de former \u00e9l\u00e8ves et enseignants \u00e0 un usage critique et responsable. Un \u00e9change \u00e9clairant pour comprendre comment l\u2019IA s\u2019int\u00e8gre, sous conditions strictes, dans le quotidien \u00e9ducatif, au  service des apprentissages et du geste <\/p>\n<p> enseignant, sans jamais remplacer l\u2019humain.<\/p>\n<p><em>Cet \u00e9pisode a \u00e9t\u00e9 g\u00e9n\u00e9r\u00e9 par une intelligence artificielle \u00e0 partir  du document officiel :<\/em><\/p>\n<p><em>\u00ab L\u2019IA en \u00e9ducation : cadre d\u2019usage \u00bb (juin 2025).<\/em><\/p><\/p>\n","protected":false},"excerpt":{"rendered":"<p>Dans ce nouvel \u00e9pisode de ProfEtc, Elsa et Tom engagent une discussion vivante autour du cadre d\u2019usage de l\u2019intelligence artificielle en \u00e9ducation, r\u00e9cemment publi\u00e9 apr\u00e8s une large consultation nationale. \u00c0 partir du document de r\u00e9f\u00e9rence de juin 2025, ils explorent &hellip; <a href=\"https:\/\/salome-online.com\/capsules\/ia-a-lecole-promesses-limites-et-vigilance-elsa-tom-decryptent-le-nouveau-cadre\/\">Lire la suite<\/a><\/p>\n","protected":false},"author":1,"featured_media":0,"comment_status":"open","ping_status":"open","sticky":false,"template":"","format":"standard","meta":{"om_disable_all_campaigns":false,"kt_blocks_editor_width":"","_monsterinsights_skip_tracking":false,"_monsterinsights_sitenote_active":false,"_monsterinsights_sitenote_note":"","_monsterinsights_sitenote_category":0,"_uf_show_specific_survey":0,"_uf_disable_surveys":false,"footnotes":""},"categories":[8],"tags":[],"class_list":["post-831","post","type-post","status-publish","format-standard","hentry","category-blog"],"aioseo_notices":[],"_links":{"self":[{"href":"https:\/\/salome-online.com\/capsules\/wp-json\/wp\/v2\/posts\/831","targetHints":{"allow":["GET"]}}],"collection":[{"href":"https:\/\/salome-online.com\/capsules\/wp-json\/wp\/v2\/posts"}],"about":[{"href":"https:\/\/salome-online.com\/capsules\/wp-json\/wp\/v2\/types\/post"}],"author":[{"embeddable":true,"href":"https:\/\/salome-online.com\/capsules\/wp-json\/wp\/v2\/users\/1"}],"replies":[{"embeddable":true,"href":"https:\/\/salome-online.com\/capsules\/wp-json\/wp\/v2\/comments?post=831"}],"version-history":[{"count":0,"href":"https:\/\/salome-online.com\/capsules\/wp-json\/wp\/v2\/posts\/831\/revisions"}],"wp:attachment":[{"href":"https:\/\/salome-online.com\/capsules\/wp-json\/wp\/v2\/media?parent=831"}],"wp:term":[{"taxonomy":"category","embeddable":true,"href":"https:\/\/salome-online.com\/capsules\/wp-json\/wp\/v2\/categories?post=831"},{"taxonomy":"post_tag","embeddable":true,"href":"https:\/\/salome-online.com\/capsules\/wp-json\/wp\/v2\/tags?post=831"}],"curies":[{"name":"wp","href":"https:\/\/api.w.org\/{rel}","templated":true}]}}