{"id":668,"date":"2021-05-06T23:00:00","date_gmt":"2021-05-06T22:00:00","guid":{"rendered":"http:\/\/salome-online.com\/capsules\/index.php\/2021\/05\/06\/44-rebecca-manzoni-journaliste-etc-44\/"},"modified":"2021-05-06T23:00:00","modified_gmt":"2021-05-06T22:00:00","slug":"44-rebecca-manzoni-journaliste-etc-44","status":"publish","type":"post","link":"https:\/\/salome-online.com\/capsules\/44-rebecca-manzoni-journaliste-etc-44\/","title":{"rendered":"44: Rebecca Manzoni, Journaliste Etc #44"},"content":{"rendered":"<p><iframe loading=\"lazy\" src=\"https:\/\/anchor.fm\/prof-etc\/embed\/episodes\/Rebecca-Manzoni--Journaliste-Etc-44-e10ce2l\" height=\"180px\" width=\"100%\" frameborder=\"0\" scrolling=\"no\" style=\"width:100%;height:180px\"><\/iframe><\/p>\n<p>Rebecca Manzoni est n\u00e9e \u00e0 Villerupt, en Lorraine. C\u2019est apr\u00e8s des \u00e9tudes d\u2019histoire et un iut de journalisme, \u00e0 Bordeaux, qu\u2019elle se destine \u00e0 faire de la radio sa maison professionnelle.<br \/>\nApr\u00e8s un bref passage sur RTL, elle rejoint France Inter aux c\u00f4t\u00e9s de Philippe Bertrand dans son \u00e9mission estivale. Mais c\u2019est \u00e0 partir de la rentr\u00e9e 2002 qu\u2019on la retrouve \u00e0 la conception d\u2019une \u00e9mission sur le cin\u00e9ma qu\u2019elle coproduit avec Fr\u00e9d\u00e9rique Bonnaud. En parall\u00e8le elle se frotte \u00e0 la t\u00e9l\u00e9vision comme chroniqueuse dans Rives droite \/ Rive gauche de Thierry Ardisson.<br \/>\nFid\u00e8le \u00e0 Radio France, elle consacrera 10 ans \u00e0 son \u00e9mission Eclectik avec un \u00ab k \u00bb, d\u2019abord quotidiennement puis chaque semaine o\u00f9 pendant une heure, elle s\u2019invite au domicile d\u2019une ou d\u2019un artiste en d\u00e9pla\u00e7ant ainsi le point de vue ou le pont d\u2019\u00e9coute des \u00e9missions culturelles plus traditionnelles.<br \/>\nRebecca poursuit son travail \u00e9galement \u00e0 la t\u00e9l\u00e9vision dans \u00ab \u00e7a ne va pas durer \u00bb sur France 5 et Metropolis, sur Arte.<br \/>\nAujourd\u2019hui, on la retrouve chaque semaine dans la matinale de France Inter, le vendredi \u00e0 7h24 dans tube N\u2019Co et le samedi \u00e0 11h00 dans pop N\u2019Co.<\/p>\n<p>Alors oui, Rebecca Manzoni n\u2019est pas une Prof Etc, mais au fil de ses \u00e9missions, elle nous prouve que la musique raconte ce que nous sommes, elle nous raconte une personne, ou une \u00e9poque et Rebecca fait \u00e7a avec un sens aigu de la p\u00e9dagogie.<br \/>\nAujourd\u2019hui, je re\u00e7ois une Journaliste Etc qui \u00e0 sa fa\u00e7on transmet du contenu p\u00e9dagogique.<\/p>\n<p>Bonjour, \u2026 Bienvenue, \u2026 C\u2019est Prof Etc !<\/p>\n<p>Retrouvez Rebecca sur France Inter :<\/p>\n<p>Tube N Co : <a href=\"https:\/\/www.franceinter.fr\/emissions\/tubes-co\">https:\/\/www.franceinter.fr\/emissions\/tubes-co<\/a><br \/>\nPop N Co : <a href=\"https:\/\/www.franceinter.fr\/emissions\/pop-co\">https:\/\/www.franceinter.fr\/emissions\/pop-co<\/a><\/p>\n<p>et sur Twitter : <a href=\"https:\/\/twitter.com\/RebeccaManzoni\">@RebeccaManzoni<\/a><\/p>\n<p>Bonne \u00e9coute !<\/p>\n","protected":false},"excerpt":{"rendered":"<p>Rebecca Manzoni est n\u00e9e \u00e0 Villerupt, en Lorraine. C\u2019est apr\u00e8s des \u00e9tudes d\u2019histoire et un iut de journalisme, \u00e0 Bordeaux, qu\u2019elle se destine \u00e0 faire de la radio sa maison professionnelle. Apr\u00e8s un bref passage sur RTL, elle rejoint France &hellip; <a href=\"https:\/\/salome-online.com\/capsules\/44-rebecca-manzoni-journaliste-etc-44\/\">Lire la suite<\/a><\/p>\n","protected":false},"author":1,"featured_media":0,"comment_status":"open","ping_status":"open","sticky":false,"template":"","format":"standard","meta":{"om_disable_all_campaigns":false,"kt_blocks_editor_width":"","_monsterinsights_skip_tracking":false,"_monsterinsights_sitenote_active":false,"_monsterinsights_sitenote_note":"","_monsterinsights_sitenote_category":0,"_uf_show_specific_survey":0,"_uf_disable_surveys":false,"footnotes":""},"categories":[8],"tags":[],"class_list":["post-668","post","type-post","status-publish","format-standard","hentry","category-blog"],"aioseo_notices":[],"_links":{"self":[{"href":"https:\/\/salome-online.com\/capsules\/wp-json\/wp\/v2\/posts\/668","targetHints":{"allow":["GET"]}}],"collection":[{"href":"https:\/\/salome-online.com\/capsules\/wp-json\/wp\/v2\/posts"}],"about":[{"href":"https:\/\/salome-online.com\/capsules\/wp-json\/wp\/v2\/types\/post"}],"author":[{"embeddable":true,"href":"https:\/\/salome-online.com\/capsules\/wp-json\/wp\/v2\/users\/1"}],"replies":[{"embeddable":true,"href":"https:\/\/salome-online.com\/capsules\/wp-json\/wp\/v2\/comments?post=668"}],"version-history":[{"count":0,"href":"https:\/\/salome-online.com\/capsules\/wp-json\/wp\/v2\/posts\/668\/revisions"}],"wp:attachment":[{"href":"https:\/\/salome-online.com\/capsules\/wp-json\/wp\/v2\/media?parent=668"}],"wp:term":[{"taxonomy":"category","embeddable":true,"href":"https:\/\/salome-online.com\/capsules\/wp-json\/wp\/v2\/categories?post=668"},{"taxonomy":"post_tag","embeddable":true,"href":"https:\/\/salome-online.com\/capsules\/wp-json\/wp\/v2\/tags?post=668"}],"curies":[{"name":"wp","href":"https:\/\/api.w.org\/{rel}","templated":true}]}}